{"id":214,"date":"2021-12-31T23:02:42","date_gmt":"2021-12-31T22:02:42","guid":{"rendered":"http:\/\/www.liptovmagazin.eu\/domains\/liptovmagazin.eu\/wordpress\/?p=214"},"modified":"2021-12-31T23:02:42","modified_gmt":"2021-12-31T22:02:42","slug":"bilancia-horskych-zachranarov","status":"publish","type":"post","link":"http:\/\/www.liptovmagazin.eu\/domains\/liptovmagazin.eu\/wordpress\/2021\/12\/31\/bilancia-horskych-zachranarov\/","title":{"rendered":"Bilancia horsk\u00fdch z\u00e1chran\u00e1rov"},"content":{"rendered":"\n<p>Rok 2021 bol ve\u013emi n\u00e1ro\u010dn\u00fd, a&nbsp;samozrejme, aj \u0165a\u017ek\u00fd. Nie len v oblasti z\u00e1chrany, ale aj v oblasti ekonomiky, vzdel\u00e1vania a v\u0161eobecne aj v spolo\u010dnosti. Napriek tomu som presved\u010den\u00fd, \u017ee sme ho ako Horsk\u00e1 z\u00e1chrann\u00e1 slu\u017eba (HZS) zvl\u00e1dli so c\u0165ou a s \u010diasto\u010dn\u00fdmi \u00faspechmi. Mno\u017estvo rozroben\u00fdch vec\u00ed, ktor\u00e9 sa podarilo rozbehn\u00fa\u0165, prinesie efekt a\u017e v najbli\u017e\u0161\u00edch rokoch, podstatn\u00e9 je, \u017ee sa ich podarilo na\u0161tartova\u0165. A pr\u00e1ve preto chcem v\u0161etk\u00fdm z prostredia HZS po\u010fakova\u0165 a za\u017eela\u0165 im v roku 2022 v\u0161etko dobr\u00e9, ve\u013ea zdravia, \u0161\u0165astia a pohody. Tak ako doma, tak aj v pr\u00e1ci, lebo len spokojn\u00fd \u010dlovek dok\u00e1\u017ee robi\u0165 ve\u013ek\u00e9 a spr\u00e1vne veci.<\/p>\n\n\n\n<p>Dne\u0161n\u00fd de\u0148 je z\u00e1rove\u0148 aj moj\u00edm posledn\u00fdm pracovn\u00fdm d\u0148om vo funkcii riadite\u013ea Horskej z\u00e1chrannej slu\u017eby. Po d\u00f4kladnom zv\u00e1\u017een\u00ed v\u0161etk\u00fdch okolnost\u00ed som prijal vn\u00fatorn\u00e9 rozhodnutie, \u017ee je spr\u00e1vny \u010das prenecha\u0165 miesto mlad\u0161\u00edm. Je to z\u00e1rove\u0148 aj mana\u017e\u00e9rske rozhodnutie, lebo podstatn\u00e9 nie je moje p\u00f4sobenie vo funkcii, ale fungovanie a rozvoj Horskej z\u00e1chrannej slu\u017eby. Svoje rozhodnutie som ozn\u00e1mil v polovici okt\u00f3bra ministrovi vn\u00fatra, ktor\u00fd ho po spolo\u010dnom rozhovore prijal. T\u00fdmto chcem vyvr\u00e1ti\u0165 v\u0161etky \u0161pekul\u00e1cie a hoaxy, ktor\u00e9 by niekto r\u00e1d videl ako pravdiv\u00e9 a sna\u017e\u00ed sa ich pods\u00fava\u0165 verejnosti. \u017dia\u013e, tak\u00e1 je doba, ktor\u00fa \u017eijeme. Od\u00eds\u0165 v spr\u00e1vny \u010das a so c\u0165ou je jedno z naj\u0165a\u017e\u0161\u00edch rozhodnut\u00ed riadiacich pracovn\u00edkov, ale nie ka\u017ed\u00fd to dok\u00e1\u017ee zvl\u00e1dnu\u0165.<\/p>\n\n\n\n<p>Nebudem bilancova\u0165 svoje p\u00f4sobenie v oblasti horskej z\u00e1chrany, bilancova\u0165 bud\u00fa na\u0161i nasledovn\u00edci. Ale ur\u010dite mus\u00edm po\u010fakova\u0165 v\u0161etk\u00fdm, \u010do pri mne st\u00e1li, a s ktor\u00fdmi som t\u00fato organiz\u00e1ciu budoval. Taktie\u017e patr\u00ed ve\u013ek\u00e9 \u010eAKUJEM t\u00fdm, ktor\u00ed pri zrode Horskej z\u00e1chrannej slu\u017eby st\u00e1li a dr\u017eali ochrann\u00fa ruku. Samozrejme, v\u0161etk\u00fdm horsk\u00fdm z\u00e1chran\u00e1rom, ich dobrovo\u013en\u00fdm kolegom, oper\u00e1torom, administrat\u00edvnym pracovn\u00edkom, n\u00e1\u010deln\u00edkom a ved\u00facim oddelen\u00ed. Najm\u00e4 v\u0161ak kamar\u00e1tom, ktor\u00ed pri mne st\u00e1li, niekedy boli pre okolie nevidite\u013en\u00ed, nielen v \u010dasoch \u00faspechov, ale aj v \u010dasoch \u0165a\u017ek\u00fdch. A nebolo ich m\u00e1lo. V\u0161etky tieto \u00faskalia by som ur\u010dite nezvl\u00e1dol bez podpory mojej rodiny, ktor\u00e1 st\u00e1la v\u017edy pri mne a hlavne mi verila aj v \u010dasoch, ke\u010f som s\u00e1m t\u00e1pal. Po\u010fakovanie patr\u00ed aj v\u0161etk\u00fdm pracovn\u00edkom v rezorte ministerstva vn\u00fatra, ako aj in\u00fdch rezortov, taktie\u017e obchodn\u00fdm partnerom &#8211; jednoducho v\u0161etk\u00fdm, s ktor\u00fdmi som mal \u010des\u0165 spolupracova\u0165. A aby som nezabudol, m\u00e9di\u00e1m.&nbsp; A nakoniec nesmiem zabudn\u00fa\u0165 na seniorov, ktor\u00ed n\u00e1m dali m\u00fadros\u0165, sk\u00fasenosti a cie\u013e. Mnoh\u00ed z&nbsp;nich u\u017e \u017eia\u013e nie s\u00fa medzi nami, ale \u010dasto na nich mysl\u00edm. V\u0161etk\u00fdm posielam ve\u013ek\u00e9 \u010eAKUJEM!<\/p>\n\n\n\n<p>Aby som nebol len ve\u013emi nostalgick\u00fd, ale aj k\u00fasok optimistick\u00fd, chcem popria\u0165 ve\u013ea \u0161\u0165astia a pracovn\u00fdch \u00faspechov nov\u00e9mu riadite\u013eovi Marekovi Biskupi\u010dovi. Som presved\u010den\u00fd, \u017ee je to \u010dlovek na spr\u00e1vnom mieste a rovn\u00fd chlap. Rozhodnutia sa na tomto poste rodia v\u00e4\u010d\u0161inou \u0165a\u017eko a v strese. Moji predchodcovia ma u\u010dili, \u017ee je lep\u0161ie sa zle rozhodn\u00fa\u0165, ako nekona\u0165. A mali pravdu. Tak\u017ee Marek, \u010do najviac dobr\u00fdch rozhodnut\u00ed, Tebe aj Tvojmu t\u00edmu. A nezabudni, \u017ee komunitn\u00e1 jednota je viac ako \u00fa\u010delov\u00fd lobing.<\/p>\n\n\n\n<p>\u00daplne na z\u00e1ver. Od bud\u00faceho roka ost\u00e1vam tam, kde som svoj cel\u00fd \u017eivot pre\u017eil, v hor\u00e1ch. Sn\u00e1\u010f aspo\u0148 tie ostan\u00fa \u010dist\u00e9 nie len z poh\u013eadu pr\u00edrody, ale aj v&nbsp;r\u00e1mci medzi\u013eudsk\u00fdch vz\u0165ahov tak, ako si to niektor\u00ed pam\u00e4t\u00e1me. Ver\u00edm, \u017ee sa tam s mnoh\u00fdmi z V\u00e1s stretnem a v pokoji prehod\u00edme p\u00e1r slov. Taktie\u017e V\u00e1m \u017eel\u00e1m v bud\u00facom roku, a nie len v \u0148om, mno\u017estvo kr\u00e1snych z\u00e1\u017eitkov z pohybu v hor\u00e1ch a hlavne \u0161\u0165astn\u00e9 n\u00e1vraty.<\/p>\n\n\n\n<p>plk. Ing. Jozef Janiga, MBA<\/p>\n","protected":false},"excerpt":{"rendered":"<p>Rok 2021 bol ve\u013emi n\u00e1ro\u010dn\u00fd, a&nbsp;samozrejme, aj \u0165a\u017ek\u00fd. Nie len v oblasti z\u00e1chrany, ale aj v oblasti ekonomiky, vzdel\u00e1vania a v\u0161eobecne aj v spolo\u010dnosti. Napriek tomu som presved\u010den\u00fd, \u017ee sme ho ako Horsk\u00e1 z\u00e1chrann\u00e1 slu\u017eba (HZS) zvl\u00e1dli so c\u0165ou a s \u010diasto\u010dn\u00fdmi \u00faspechmi. Mno\u017estvo rozroben\u00fdch vec\u00ed, ktor\u00e9 sa podarilo rozbehn\u00fa\u0165, prinesie efekt a\u017e v najbli\u017e\u0161\u00edch [&hellip;]<\/p>\n","protected":false},"author":1,"featured_media":202,"comment_status":"open","ping_status":"open","sticky":true,"template":"","format":"standard","meta":{"footnotes":""},"categories":[1],"tags":[],"class_list":["post-214","post","type-post","status-publish","format-standard","has-post-thumbnail","hentry","category-nezaradene"],"_links":{"self":[{"href":"http:\/\/www.liptovmagazin.eu\/domains\/liptovmagazin.eu\/wordpress\/wp-json\/wp\/v2\/posts\/214","targetHints":{"allow":["GET"]}}],"collection":[{"href":"http:\/\/www.liptovmagazin.eu\/domains\/liptovmagazin.eu\/wordpress\/wp-json\/wp\/v2\/posts"}],"about":[{"href":"http:\/\/www.liptovmagazin.eu\/domains\/liptovmagazin.eu\/wordpress\/wp-json\/wp\/v2\/types\/post"}],"author":[{"embeddable":true,"href":"http:\/\/www.liptovmagazin.eu\/domains\/liptovmagazin.eu\/wordpress\/wp-json\/wp\/v2\/users\/1"}],"replies":[{"embeddable":true,"href":"http:\/\/www.liptovmagazin.eu\/domains\/liptovmagazin.eu\/wordpress\/wp-json\/wp\/v2\/comments?post=214"}],"version-history":[{"count":1,"href":"http:\/\/www.liptovmagazin.eu\/domains\/liptovmagazin.eu\/wordpress\/wp-json\/wp\/v2\/posts\/214\/revisions"}],"predecessor-version":[{"id":215,"href":"http:\/\/www.liptovmagazin.eu\/domains\/liptovmagazin.eu\/wordpress\/wp-json\/wp\/v2\/posts\/214\/revisions\/215"}],"wp:featuredmedia":[{"embeddable":true,"href":"http:\/\/www.liptovmagazin.eu\/domains\/liptovmagazin.eu\/wordpress\/wp-json\/wp\/v2\/media\/202"}],"wp:attachment":[{"href":"http:\/\/www.liptovmagazin.eu\/domains\/liptovmagazin.eu\/wordpress\/wp-json\/wp\/v2\/media?parent=214"}],"wp:term":[{"taxonomy":"category","embeddable":true,"href":"http:\/\/www.liptovmagazin.eu\/domains\/liptovmagazin.eu\/wordpress\/wp-json\/wp\/v2\/categories?post=214"},{"taxonomy":"post_tag","embeddable":true,"href":"http:\/\/www.liptovmagazin.eu\/domains\/liptovmagazin.eu\/wordpress\/wp-json\/wp\/v2\/tags?post=214"}],"curies":[{"name":"wp","href":"https:\/\/api.w.org\/{rel}","templated":true}]}}