{"id":266,"date":"2022-12-03T20:11:51","date_gmt":"2022-12-03T19:11:51","guid":{"rendered":"http:\/\/www.liptovmagazin.eu\/domains\/liptovmagazin.eu\/wordpress\/?p=266"},"modified":"2022-12-03T20:14:57","modified_gmt":"2022-12-03T19:14:57","slug":"na-liptove-otvorili-zimnu-sezonu-spolu-s-vlhovou","status":"publish","type":"post","link":"http:\/\/www.liptovmagazin.eu\/domains\/liptovmagazin.eu\/wordpress\/2022\/12\/03\/na-liptove-otvorili-zimnu-sezonu-spolu-s-vlhovou\/","title":{"rendered":"<a><strong>Na Liptove otvorili zimn\u00fa sez\u00f3nu spolu s&nbsp;Vlhovou<\/strong><\/a>"},"content":{"rendered":"\n<p><a><strong>Na Liptove otvorili zimn\u00fa sez\u00f3nu spolu s&nbsp;Vlhovou<\/strong><\/a><\/p>\n\n\n\n<p>Dem\u00e4novsk\u00e1 Dolina,3. decembra 2022)<strong>&nbsp;\u2013 V&nbsp;sobotu 3. decembra pod Chopkom otvorili zimn\u00fa sez\u00f3nu 2022\/23. Okrem prvej ly\u017eova\u010dky v&nbsp;Jasnej si ly\u017eiari vysk\u00fa\u0161ali aj nov\u00fa kab\u00ednkov\u00fa lanovku z&nbsp;Bielej p\u00fate na Priehybu a&nbsp;zabavili sa na atrakt\u00edvnom sprievodnom programe. Do Jasnej si to zamierili aj viacer\u00ed slovensk\u00ed olympionici a&nbsp;medzi nimi aj ly\u017eiarka svetov\u00e9ho mena a&nbsp;rod\u00e1\u010dka z&nbsp;Liptova Petra Vlhov\u00e1. Pr\u00e1ve ona symbolicky otvorila zimn\u00fa sez\u00f3nu aj odhalila \u013eadov\u00e9 srdce Jasnej.<\/strong><\/p>\n\n\n\n<p>Zimn\u00e1 sez\u00f3na je pre&nbsp;<a rel=\"noreferrer noopener\" href=\"https:\/\/www.visitliptov.sk\/\" target=\"_blank\">regi\u00f3n Liptov<\/a>&nbsp;rovnako d\u00f4le\u017eit\u00e1 ako t\u00e1 letn\u00e1. Od decembra do apr\u00edla je regi\u00f3n atrakt\u00edvny v\u010faka hor\u00e1m vhodn\u00fdm na ly\u017eovanie, ponuku dop\u013a\u0148aj\u00fa in\u00e9 zimn\u00e9 aktivity a \u0161porty ako aj k\u00fapanie v&nbsp;term\u00e1lnych vod\u00e1ch.&nbsp;&nbsp;<strong><em>\u201eNov\u00e1 zimn\u00e1 sez\u00f3na je pln\u00e1 o\u010dak\u00e1van\u00ed. Ver\u00edme, \u017ee n\u00e1s podporia dom\u00e1ci Slov\u00e1ci, ale aj zahrani\u010dn\u00ed n\u00e1v\u0161tevn\u00edci. V&nbsp;novej sez\u00f3ne ich toti\u017e na Liptove \u010dakaj\u00fa nielen profesion\u00e1lne upravovan\u00e9 svahy v&nbsp;Jasnej \u010di in\u00fdch stredisk\u00e1ch, e\u0161te viac zasne\u017eovan\u00fdch tr\u00e1s, ale aj nov\u00e1 lanovka. Na\u0161a mikul\u00e1\u0161ska rod\u00e1\u010dka so svetov\u00fdm menom, slalom\u00e1rka Petra Vlhov\u00e1 dnes ofici\u00e1lne otvorila zimn\u00fa sez\u00f3nu aj&nbsp;odhalila \u013eadov\u00e9 srdce Jasnej,\u201c<\/em><\/strong>&nbsp;povedal predseda predstavenstva Oblastnej organiz\u00e1cie cestovn\u00e9ho ruchu REGION LIPTOV J\u00e1n Blch\u00e1\u010d. Petra po n\u00e1vrate z&nbsp;pretekov v&nbsp;Killingtone pri\u0161la na nieko\u013eko dn\u00ed domov. V&nbsp;sobotu 3. decembra 2022 po\u010das \u0161tartu zimnej sez\u00f3ny na Liptove nav\u0161t\u00edvila svoje domovsk\u00e9 ly\u017eiarske stredisko Jasn\u00e1, kde otvorila nov\u00fa kab\u00ednkov\u00fa lanovku z&nbsp;Bielej p\u00fate na Priehybu. Hne\u010f po cerem\u00f3nii odch\u00e1dzala do talianskeho Sestriere na \u010fal\u0161ie preteky Svetov\u00e9ho poh\u00e1ra \u017eien. Stredisko podporili v&nbsp;de\u0148 otvorenia zimnej sez\u00f3ny aj \u010fal\u0161\u00ed \u0161portovci, olympionici ako slalom\u00e1rka z&nbsp;Liptovsk\u00e9ho Mikul\u00e1\u0161a pretekaj\u00faca vo farb\u00e1ch na\u0161ich susedov z&nbsp;\u010ceska Martina Dubovsk\u00e1, ale aj Pavol Hurajt, Jakub Grigar, Robo Vittek, Danka Bartekov\u00e1, Klaudia Medlov\u00e1, Michal Martik\u00e1n, \u010di \u013dubo Seker\u00e1\u0161. Atrakt\u00edvny sprievodn\u00fd program zabavil mal\u00fdch aj ve\u013ek\u00fdch n\u00e1v\u0161tevn\u00edkov Jasnej.<\/p>\n\n\n\n<p><strong><em>Z prieskumu medzi ubytovate\u013emi vypl\u00fdva, \u017ee o&nbsp;zimn\u00fa sez\u00f3nu je z\u00e1ujem. N\u00e1rast cien slu\u017eieb nie je tak\u00fd dramatick\u00fd, ako je n\u00e1rast vstupn\u00fdch n\u00e1kladov. Ly\u017eova\u010dka s&nbsp;ubytovan\u00edm a&nbsp;doplnkov\u00fdmi slu\u017ebami u&nbsp;n\u00e1s na Slovensku teda st\u00e1le vych\u00e1dza lacnej\u0161ie ako v&nbsp;Alp\u00e1ch \u010di Dolomitoch. V\u00fdhoda regi\u00f3nu Liptov je t\u00e1, \u017ee na malom terit\u00f3riu okrem ly\u017eovania pon\u00faka ve\u013ek\u00e9 mno\u017estvo atraktiv\u00edt pre dovolenk\u00e1rov, vr\u00e1tane term\u00e1lnych vodn\u00fdch parkov a&nbsp;prame\u0148ov. Zv\u00fd\u0161en\u00fd dopyt je najm\u00e4 o&nbsp;ubytovanie v&nbsp;bl\u00edzkosti ly\u017eiarskych svahov, preto odpor\u00fa\u010dame Slov\u00e1kom, aby si nenech\u00e1vali n\u00e1kup zimnej dovolenky \u010di rodinnej ly\u017eova\u010dky po\u010das jarn\u00fdch pr\u00e1zdnin na posledn\u00fa chv\u00ed\u013eu,\u201c&nbsp;<\/em><\/strong>povedala riadite\u013eka Oblastnej organiz\u00e1cie cestovn\u00e9ho ruchu REGION LIPTOV Darina Bartkov\u00e1.<\/p>\n\n\n\n<p><strong><em>\u201ePrv\u00e1 ly\u017eova\u010dka tejto zimy na Slovensku bola u n\u00e1s v&nbsp;Jasnej. Navy\u0161e sme spr\u00edstupnili nov\u00fa 15-miestnu kab\u00ednkov\u00fa lanovku z&nbsp;Bielej p\u00fate na Priehybu. Pr\u00edrodn\u00e9ho snehu je minimum, ale v\u00fdkonn\u00fd zasne\u017eovac\u00ed syst\u00e9m n\u00e1m umo\u017enil vysne\u017ei\u0165 stredisko technick\u00fdm snehom tak, aby mohli ly\u017eiari vyrez\u00e1va\u0165 prv\u00e9 obl\u00faky. Po mesiacoch ly\u017eiarskej pauzy je to skvel\u00e1 spr\u00e1va pre v\u0161etk\u00fdch milovn\u00edkov ly\u017eovania. Odpor\u00fa\u010dam ly\u017eiarom pl\u00e1nova\u0165 si de\u0148 na svahoch v&nbsp;Jasnej, najv\u00fdhodnej\u0161ie ceny skipasov s\u00fa dostupn\u00e9 formou online n\u00e1kupu,\u201c&nbsp;<\/em><\/strong>informoval riadite\u013e strediska Jasn\u00e1 Ji\u0159\u00ed Trumpe\u0161. Tak ako to bude dovo\u013eova\u0165 po\u010dasie, bud\u00fa v&nbsp;<a rel=\"noreferrer noopener\" href=\"https:\/\/www.jasna.sk\/stredisko\/info-o-stredisku\/jasna-live\" target=\"_blank\">Jasnej<\/a>&nbsp;na\u010falej dosne\u017eova\u0165, aby postupne pre n\u00e1v\u0161tevn\u00edkov spr\u00edstupnili cel\u00e9 stredisko.<\/p>\n\n\n\n<p>Katar\u00edna \u0160araf\u00ednov\u00e1<\/p>\n","protected":false},"excerpt":{"rendered":"<p>Na Liptove otvorili zimn\u00fa sez\u00f3nu spolu s&nbsp;Vlhovou Dem\u00e4novsk\u00e1 Dolina,3. decembra 2022)&nbsp;\u2013 V&nbsp;sobotu 3. decembra pod Chopkom otvorili zimn\u00fa sez\u00f3nu 2022\/23. Okrem prvej ly\u017eova\u010dky v&nbsp;Jasnej si ly\u017eiari vysk\u00fa\u0161ali aj nov\u00fa kab\u00ednkov\u00fa lanovku z&nbsp;Bielej p\u00fate na Priehybu a&nbsp;zabavili sa na atrakt\u00edvnom sprievodnom programe. Do Jasnej si to zamierili aj viacer\u00ed slovensk\u00ed olympionici a&nbsp;medzi nimi aj ly\u017eiarka svetov\u00e9ho [&hellip;]<\/p>\n","protected":false},"author":1,"featured_media":269,"comment_status":"open","ping_status":"open","sticky":false,"template":"","format":"standard","meta":{"footnotes":""},"categories":[3,13,6],"tags":[],"class_list":["post-266","post","type-post","status-publish","format-standard","has-post-thumbnail","hentry","category-cestovny-ruch","category-horska-sluzba","category-sport"],"_links":{"self":[{"href":"http:\/\/www.liptovmagazin.eu\/domains\/liptovmagazin.eu\/wordpress\/wp-json\/wp\/v2\/posts\/266","targetHints":{"allow":["GET"]}}],"collection":[{"href":"http:\/\/www.liptovmagazin.eu\/domains\/liptovmagazin.eu\/wordpress\/wp-json\/wp\/v2\/posts"}],"about":[{"href":"http:\/\/www.liptovmagazin.eu\/domains\/liptovmagazin.eu\/wordpress\/wp-json\/wp\/v2\/types\/post"}],"author":[{"embeddable":true,"href":"http:\/\/www.liptovmagazin.eu\/domains\/liptovmagazin.eu\/wordpress\/wp-json\/wp\/v2\/users\/1"}],"replies":[{"embeddable":true,"href":"http:\/\/www.liptovmagazin.eu\/domains\/liptovmagazin.eu\/wordpress\/wp-json\/wp\/v2\/comments?post=266"}],"version-history":[{"count":2,"href":"http:\/\/www.liptovmagazin.eu\/domains\/liptovmagazin.eu\/wordpress\/wp-json\/wp\/v2\/posts\/266\/revisions"}],"predecessor-version":[{"id":268,"href":"http:\/\/www.liptovmagazin.eu\/domains\/liptovmagazin.eu\/wordpress\/wp-json\/wp\/v2\/posts\/266\/revisions\/268"}],"wp:featuredmedia":[{"embeddable":true,"href":"http:\/\/www.liptovmagazin.eu\/domains\/liptovmagazin.eu\/wordpress\/wp-json\/wp\/v2\/media\/269"}],"wp:attachment":[{"href":"http:\/\/www.liptovmagazin.eu\/domains\/liptovmagazin.eu\/wordpress\/wp-json\/wp\/v2\/media?parent=266"}],"wp:term":[{"taxonomy":"category","embeddable":true,"href":"http:\/\/www.liptovmagazin.eu\/domains\/liptovmagazin.eu\/wordpress\/wp-json\/wp\/v2\/categories?post=266"},{"taxonomy":"post_tag","embeddable":true,"href":"http:\/\/www.liptovmagazin.eu\/domains\/liptovmagazin.eu\/wordpress\/wp-json\/wp\/v2\/tags?post=266"}],"curies":[{"name":"wp","href":"https:\/\/api.w.org\/{rel}","templated":true}]}}