{"id":365,"date":"2023-05-21T22:38:13","date_gmt":"2023-05-21T20:38:13","guid":{"rendered":"http:\/\/www.liptovmagazin.eu\/domains\/liptovmagazin.eu\/wordpress\/?p=365"},"modified":"2023-05-21T22:39:07","modified_gmt":"2023-05-21T20:39:07","slug":"novy-dekan-ff-ku","status":"publish","type":"post","link":"http:\/\/www.liptovmagazin.eu\/domains\/liptovmagazin.eu\/wordpress\/2023\/05\/21\/novy-dekan-ff-ku\/","title":{"rendered":"Nov\u00fd dekan FF KU"},"content":{"rendered":"\n<p>Do funkcie dekana Filozofickej fakulty Katol\u00edckej univerzity v Ru\u017eomberku bol v&nbsp;stredu 17. m\u00e1ja sl\u00e1vnostne uveden\u00fd Samuel \u0160tefan Mah\u00fat, ktor\u00fd sa vo veku 28 rokov stal pravdepodobne najmlad\u0161\u00edm dekanom v&nbsp;slovensk\u00fdch dejin\u00e1ch. Mah\u00fata do tejto funkcie vymenoval u\u017e 27. marca rektor Katol\u00edckej univerzity v&nbsp;Ru\u017eomberku Jaroslav Demko, a&nbsp;to na z\u00e1klade predch\u00e1dzaj\u00facej vo\u013eby akademick\u00e9ho sen\u00e1tu fakulty a&nbsp;s\u00fahlasu ve\u013ek\u00e9ho kancel\u00e1ra univerzity ko\u0161ick\u00e9ho arcibiskupa Bernarda Bobera.<\/p>\n\n\n\n<p>V&nbsp;sl\u00e1vnostnom pr\u00edhovore nov\u00fd dekan prirovnal Filozofick\u00fa fakultu KU k&nbsp;maj\u00e1ku, ktor\u00fd na mori \u010doraz zm\u00e4tenej\u0161ieho s\u00fa\u010dasn\u00e9ho sveta pon\u00faka garanciu slobody slova, obhajoby tradi\u010dn\u00fdch hodn\u00f4t a&nbsp;poctiv\u00e9ho racion\u00e1lneho sk\u00famania poznatkov vo svetle viery. Vyzdvihol viacer\u00e9 siln\u00e9 str\u00e1nky fakulty a univerzity (vysok\u00e9 \u010d\u00edsla v&nbsp;prieskumoch spokojnosti, n\u00edzka nezamestnanos\u0165 absolventov, modern\u00e9 vybavenie, rodinn\u00e1 atmosf\u00e9ra&#8230;) a&nbsp;vyzval najm\u00e4 \u0161tudentov, aby sa so svojimi pozit\u00edvnymi sk\u00fasenos\u0165ami neb\u00e1li podeli\u0165 aj s ostatn\u00fdmi, v&nbsp;duchu hesla \u201enesta\u010d\u00ed, \u017ee sliepka zn\u00e1\u0161a zlat\u00e9 vajcia, mus\u00ed pritom aj kotkod\u00e1ka\u0165\u201c.<\/p>\n\n\n\n<p>Sameul \u0160tefan Mah\u00fat vy\u0161tudoval filozofiu, slovensk\u00fd jazyk a&nbsp;literat\u00faru a&nbsp;anglick\u00fd jazyk. P\u00f4sobil ako u\u010dite\u013e na z\u00e1kladnej \u0161kole v&nbsp;Bab\u00edne na Orave. Na Katol\u00edckej univerzite sa anga\u017eoval vo fakultnom aj univerzitnom&nbsp;akademickom sen\u00e1te, v&nbsp;jeho legislat\u00edvnej komisii aj v&nbsp;spr\u00e1vnej rade univerzity.&nbsp;Absolvoval v\u00fdskumn\u00fa mobilitu na University of Notre Dame v Spojen\u00fdch \u0161t\u00e1toch americk\u00fdch a vo svojich doteraj\u0161\u00edch publik\u00e1ci\u00e1ch sa zameral najm\u00e4 na \u013eudsk\u00fa d\u00f4stojnos\u0165 z&nbsp;pr\u00e1vnofilozofickej perspekt\u00edvy. Okrem toho sa venuje dobrovo\u013en\u00edckej \u010dinnosti v Slovenskom skautingu a&nbsp;v&nbsp;Spolo\u010denstve Ladislava Hanusa. S man\u017eelkou \u017eije v Dolnom Kub\u00edne.<\/p>\n\n\n\n<p>Spolu s&nbsp;dekanom S. \u0160. Mah\u00fatom bola do funkcie prodekanky pre vedu doktorandsk\u00e9 \u0161t\u00fadium uveden\u00e1 Ter\u00e9zia Ron\u010d\u00e1kov\u00e1 a&nbsp;do funkcie prodekanky pre v\u00fdchovu a&nbsp;vzdel\u00e1vanie Paul\u00edna Kov\u00e1\u010dov\u00e1. Funk\u010dn\u00e9 obdobie nov\u00e9ho vedenia Filozofickej fakulty KU je \u0161tvorro\u010dn\u00e9 a&nbsp;malo by trva\u0165 a\u017e do apr\u00edla 2027.<\/p>\n\n\n\n<p>Videoz\u00e1znam z\u00a0inaugur\u00e1cie je dostupn\u00fd na<strong> <a rel=\"noreferrer noopener\" href=\"https:\/\/youtu.be\/3LOwRu_OtiA\" target=\"_blank\">videokan\u00e1li FF KU<\/a><\/strong> (inaugura\u010dn\u00fd pr\u00edhovor nov\u00e9ho dekana za\u010d\u00edna od 34. min\u00faty).\u00a0Fotografie z\u00a0akademickej sl\u00e1vnosti sa nach\u00e1dza v\u00a0novej <strong><a rel=\"noreferrer noopener\" href=\"https:\/\/eu.zonerama.com\/ffku\/\" target=\"_blank\">fotogal\u00e9rii FF KU<\/a><\/strong>. Pr\u00edhovor dekana v\u00a0textovej podobe je dostupn\u00fd<strong> <a rel=\"noreferrer noopener\" href=\"https:\/\/kusk0-my.sharepoint.com\/:b:\/g\/personal\/samuelstefan_mahut_ku_sk\/EWgrwdw66T9KjZoRQG8DxdQBztceBeihQN8g_nzMEwK-yA?e=kpReYf\" target=\"_blank\">na tomto mieste<\/a><\/strong>.<\/p>\n\n\n\n<p>(tkkbs)<br><\/p>\n","protected":false},"excerpt":{"rendered":"<p>Do funkcie dekana Filozofickej fakulty Katol\u00edckej univerzity v Ru\u017eomberku bol v&nbsp;stredu 17. m\u00e1ja sl\u00e1vnostne uveden\u00fd Samuel \u0160tefan Mah\u00fat, ktor\u00fd sa vo veku 28 rokov stal pravdepodobne najmlad\u0161\u00edm dekanom v&nbsp;slovensk\u00fdch dejin\u00e1ch. Mah\u00fata do tejto funkcie vymenoval u\u017e 27. marca rektor Katol\u00edckej univerzity v&nbsp;Ru\u017eomberku Jaroslav Demko, a&nbsp;to na z\u00e1klade predch\u00e1dzaj\u00facej vo\u013eby akademick\u00e9ho sen\u00e1tu fakulty a&nbsp;s\u00fahlasu ve\u013ek\u00e9ho kancel\u00e1ra [&hellip;]<\/p>\n","protected":false},"author":1,"featured_media":366,"comment_status":"open","ping_status":"open","sticky":true,"template":"","format":"standard","meta":{"footnotes":""},"categories":[9],"tags":[],"class_list":["post-365","post","type-post","status-publish","format-standard","has-post-thumbnail","hentry","category-skolstvo"],"_links":{"self":[{"href":"http:\/\/www.liptovmagazin.eu\/domains\/liptovmagazin.eu\/wordpress\/wp-json\/wp\/v2\/posts\/365","targetHints":{"allow":["GET"]}}],"collection":[{"href":"http:\/\/www.liptovmagazin.eu\/domains\/liptovmagazin.eu\/wordpress\/wp-json\/wp\/v2\/posts"}],"about":[{"href":"http:\/\/www.liptovmagazin.eu\/domains\/liptovmagazin.eu\/wordpress\/wp-json\/wp\/v2\/types\/post"}],"author":[{"embeddable":true,"href":"http:\/\/www.liptovmagazin.eu\/domains\/liptovmagazin.eu\/wordpress\/wp-json\/wp\/v2\/users\/1"}],"replies":[{"embeddable":true,"href":"http:\/\/www.liptovmagazin.eu\/domains\/liptovmagazin.eu\/wordpress\/wp-json\/wp\/v2\/comments?post=365"}],"version-history":[{"count":2,"href":"http:\/\/www.liptovmagazin.eu\/domains\/liptovmagazin.eu\/wordpress\/wp-json\/wp\/v2\/posts\/365\/revisions"}],"predecessor-version":[{"id":368,"href":"http:\/\/www.liptovmagazin.eu\/domains\/liptovmagazin.eu\/wordpress\/wp-json\/wp\/v2\/posts\/365\/revisions\/368"}],"wp:featuredmedia":[{"embeddable":true,"href":"http:\/\/www.liptovmagazin.eu\/domains\/liptovmagazin.eu\/wordpress\/wp-json\/wp\/v2\/media\/366"}],"wp:attachment":[{"href":"http:\/\/www.liptovmagazin.eu\/domains\/liptovmagazin.eu\/wordpress\/wp-json\/wp\/v2\/media?parent=365"}],"wp:term":[{"taxonomy":"category","embeddable":true,"href":"http:\/\/www.liptovmagazin.eu\/domains\/liptovmagazin.eu\/wordpress\/wp-json\/wp\/v2\/categories?post=365"},{"taxonomy":"post_tag","embeddable":true,"href":"http:\/\/www.liptovmagazin.eu\/domains\/liptovmagazin.eu\/wordpress\/wp-json\/wp\/v2\/tags?post=365"}],"curies":[{"name":"wp","href":"https:\/\/api.w.org\/{rel}","templated":true}]}}