{"id":550,"date":"2023-12-04T22:10:08","date_gmt":"2023-12-04T21:10:08","guid":{"rendered":"http:\/\/www.liptovmagazin.eu\/domains\/liptovmagazin.eu\/wordpress\/?p=550"},"modified":"2023-12-04T22:10:08","modified_gmt":"2023-12-04T21:10:08","slug":"dobrocinny-adventny-vecierok","status":"publish","type":"post","link":"http:\/\/www.liptovmagazin.eu\/domains\/liptovmagazin.eu\/wordpress\/2023\/12\/04\/dobrocinny-adventny-vecierok\/","title":{"rendered":"Dobro\u010dinn\u00fd adventn\u00fd ve\u010dierok"},"content":{"rendered":"\n<p>Pom\u00f4c\u0165 druh\u00e9mu bolo poslan\u00edm Dobro\u010dinn\u00e9ho charitat\u00edvneho ve\u010dierka, ktor\u00fd sa uskuto\u010dnil 3. decembra v kult\u00farnom dome v Liptovsk\u00fdch Slia\u010doch. V posledn\u00fdch rokoch nikdy nebol tak pln\u00fd ako po\u010das uveden\u00e9ho podujatia. \u013dudia tam pri\u0161li, lebo c\u00edtili potrebu pom\u00f4c\u0165 svojmu kamar\u00e1tovi, rovesn\u00edkovi, zn\u00e1memu Jakubovi Moj\u0161ovi z L. Slia\u010dov. Organiz\u00e1tori z ELSE klubu, Obecn\u00e9ho \u00faradu L. Slia\u010doch, pripravili pre n\u00e1v\u0161tevvn\u00edkov aj kult\u00farny program v ktorom vyst\u00fapili okrem in\u00fdch \u017eiaci zo Z\u00e1kladnej \u0161koly s materskou \u0161kolou J. Hanulu, z detsk\u00e9ho folkl\u00f3rneho s\u00faboru Slia\u010dan\u010dek. Pridali sa k nim aj \u010dlenovia, seniorsk\u00e9ho spevokolu Fertu\u0161ka, Slia\u010danskej sedmi\u010dky. V programe \u00fa\u010dinkovali taktie\u017e duo Few Moments, \u013eudov\u00e1 hudba Mateja Topo\u013eovsk\u00e9ho, S\u00fakromn\u00e1 z\u00e1kladn\u00e1 umeleck\u00e1 \u0161kola Dotyk, spev\u00e1cka skupina Ulijanky z Nitry.<\/p>\n\n\n\n<p>K viano\u010dnej atmosf\u00e9re prispel aj predaj viano\u010dn\u00fdch ozd\u00f4b, medovn\u00edkov, kapustnice, pun\u010du. V\u00fd\u0165a\u017eok z predaja putoval na konto Jakuba. Symbolick\u00fd \u0161ek za neho prevzali jeho s\u00farodenci a mama. Peniaze vyu\u017eij\u00fa na rehabilit\u00e1ciu Jakuba.<\/p>\n\n\n\n<p>Organiz\u00e1tori \u010fakuj\u00fa aj sponzorom za ceny do tomboly.<\/p>\n\n\n\n<p><strong>Dobro\u010dinn\u00e1 zbierka<\/strong><\/p>\n\n\n\n<h1 class=\"wp-block-heading\">Dobro\u010dinn\u00e1 finan\u010dn\u00e1 zbierka nazvan\u00e1 \u201ePom\u00f4\u017ete n\u00e1m vr\u00e1ti\u0165 Jakuba sp\u00e4\u0165 do \u017eivota\u201c, ktor\u00e1 je zverejnen\u00e1 na <a href=\"http:\/\/www.donio.sk\/\">www.donio.sk<\/a> predstavuje jeho pr\u00edbeh nasledovne:<\/h1>\n\n\n\n<p>\u201ePredstav si, \u017ee m\u00e1\u0161 23&nbsp;rokov. <strong>Zrazu sa prebud\u00ed\u0161 hluch\u00fd, v&nbsp;ochrnutom tele, neschopn\u00fd hovori\u0165 a&nbsp;v\u00f4bec ni\u010d si nepam\u00e4t\u00e1\u0161.<\/strong><\/p>\n\n\n\n<p>Tak\u00e1to smutn\u00e1 je realita Jakuba Moj\u0161a, nevinn\u00e9ho \u00fa\u010dastn\u00edka dopravnej nehody. <strong>Napriek zl\u00fdm lek\u00e1rskym progn\u00f3zam sa po roku prebral z&nbsp;bdelej k\u00f3my. Ke\u010f zistil, \u010do sa stalo, t\u00fd\u017ede\u0148 vkuse plakal. <\/strong>No je to bojovn\u00edk, nevzd\u00e1va sa a&nbsp;rob\u00ed pokroky. Jeho cesta za lep\u0161\u00edm zdrav\u00edm je v\u0161ak e\u0161te ve\u013emi dlh\u00e1 a&nbsp;bolestn\u00e1.<\/p>\n\n\n\n<h2 class=\"wp-block-heading\"><a><\/a>\u200b<strong>Komu pom\u00f4\u017eeme?<\/strong><\/h2>\n\n\n\n<p>Kubo bol v\u017edy vesel\u00fd chlapec. Nev\u00e1hal sa pozdravi\u0165, prihovori\u0165 a&nbsp;aj poda\u0165 pomocn\u00fa ruku, ak bolo treba. Mal r\u00e1d folkl\u00f3r, patril medzi dobrovo\u013en\u00fdch hasi\u010dov a&nbsp;bol aj pracovit\u00fd. <strong>Prv\u00e9, \u010do si p\u00fdtal, ke\u010f sa prebral, bola pe\u0148a\u017eenka a&nbsp;k\u013e\u00fa\u010de, preto\u017ee chcel \u00eds\u0165 do roboty.<\/strong> Bola to toti\u017e posledn\u00e1 vec, ktor\u00fa si pam\u00e4tal&nbsp;\u2013 \u017ee mal \u00eds\u0165 do pr\u00e1ce.&nbsp;<br><br>V&nbsp;osudn\u00fd okamih Jakub driemal na seda\u010dke spolujazdca. <strong>Po n\u00e1raze auta sa silno udrel hlavou do bo\u010dn\u00e9ho st\u013apika v&nbsp;aute. Toto v\u00e1\u017ene vn\u00fatorn\u00e9 zranenie mozgu ho takmer pripravilo o&nbsp;\u017eivot.<\/strong> Oper\u00e1cia nebola mo\u017en\u00e1, tak\u017ee sa v&nbsp;podstate len \u010dakalo, \u010di bude \u017ei\u0165.&nbsp;<br><br>Jakub sa z&nbsp;nemocnice nemohol vr\u00e1ti\u0165 domov. Jeho stav si vy\u017eaduje profesion\u00e1lnu odborn\u00fa starostlivos\u0165 a&nbsp;priestory dom\u00e1cnosti boli pos\u00faden\u00e9 ako nevhodn\u00e9 pre tak \u0165a\u017ek\u00e9ho pacienta. Na\u0161\u0165astie ho ochotne prijali v&nbsp;Rezidencii Nestor v&nbsp;Z\u00e1zrivej, kde sa o\u0148ho pr\u00edkladne staraj\u00fa. <strong>Ver\u00edme, \u017ee pr\u00e1ve v\u010faka tejto odbornej starostlivosti sa prebral a&nbsp;postupne rob\u00ed drobn\u00e9 pokroky, ktor\u00e9 n\u00e1m v\u0161etk\u00fdm pripadaj\u00fa ako z\u00e1zrak.<\/strong> Vedie\u0165 pohn\u00fa\u0165 prstom a&nbsp;dok\u00e1za\u0165, \u017ee zrejme nebude ma\u0165 ochrnut\u00fa prav\u00fa ani \u013eav\u00fa \u010das\u0165 tela, alebo dok\u00e1za\u0165 vyplazi\u0165 jazyk&nbsp;\u2013 to s\u00fa v&nbsp;jeho stave nesmierne \u00faspechy. <strong>Bez \u010fal\u0161\u00edch terapi\u00ed a&nbsp;rehabilit\u00e1ci\u00ed v\u0161ak nem\u00e1 \u0161ancu zaradi\u0165 sa niekedy do \u017eivota.<\/strong><br><br>T\u00fa\u017ebou jeho rodiny je dosta\u0165 Jakuba aspo\u0148 na voz\u00ed\u010dek a&nbsp;m\u00f4c\u0165 sa o\u0148ho stara\u0165 doma.<\/p>\n\n\n\n<h2 class=\"wp-block-heading\"><a><\/a> \u200b<strong>Na \u010do konkr\u00e9tne bud\u00fa peniaze z&nbsp;tejto kampane pou\u017eit\u00e9?<\/strong><\/h2>\n\n\n\n<p>Aby sa Jakubove telo, ktor\u00e9 rok bezvl\u00e1dne le\u017ealo, rozcvi\u010dilo a&nbsp;spevnelo, bude potrebova\u0165 lie\u010debno&nbsp;\u2013 rehabilita\u010dn\u00e9 pobyty. <strong>Odhadovan\u00e1 cena je okolo 5&nbsp;tis\u00edc eur a&nbsp;je n\u00e1m jasn\u00e9, \u017ee ich bude potrebova\u0165 viac. <\/strong>Bude s&nbsp;n\u00edm musie\u0165 by\u0165 ubytovan\u00e1 aj mamka alebo in\u00e1 sprev\u00e1dzaj\u00faca osoba, to s\u00fa \u010fal\u0161ie n\u00e1klady navy\u0161e.<br><br>Otec pracuje v&nbsp;zahrani\u010d\u00ed. Bez toho by nemali \u0161ancu dopl\u00e1ca\u0165 Jakubovi k&nbsp;invalidn\u00e9mu d\u00f4chodku za pobyt v&nbsp;Nestore. <strong>Spolu s&nbsp;\u00fahradou za fyzioterapiu, lieky a&nbsp;zdravotn\u00e9 pom\u00f4cky sa t\u00e1to suma pohybuje mesa\u010dne medzi 1300&nbsp;\u2013&nbsp;1500\u20ac. <\/strong>K&nbsp;tomu n\u00e1klady na PHM, preto\u017ee mamka za n\u00edm precestuje ka\u017ed\u00fd druh\u00fd de\u0148 90&nbsp;km.<br><br>Jakub m\u00e1 3&nbsp;s\u00farodencov, on je najstar\u0161\u00ed. Ak sa podar\u00ed dosta\u0165 Jakuba domov, <strong>dom bude potrebova\u0165 bezbari\u00e9rov\u00fa rekon\u0161trukciu,<\/strong> s&nbsp;ktorou s\u00fa spojen\u00e9 vysok\u00e9 n\u00e1klady.<br><br>Preto t\u00e1to rodina potrebuje finan\u010dn\u00fa pomoc.<br><strong>Pom\u00f4\u017eme Jakubovi postavi\u0165 sa na nohy a&nbsp;vr\u00e1ti\u0165 sa do \u017eivota!\u201c<\/strong><\/p>\n\n\n\n<p>Ak s rozhodne finan\u010dne podpori\u0165 Jakuba, tak na: <a href=\"https:\/\/www.donio.sk\/prispevok\/3526\">https:\/\/www.donio.sk\/prispevok\/3526<\/a> n\u00e1jdete postup, ak ho obdar\u00edte. \u010eakujeme.<\/p>\n\n\n\n<p>Text a foto: Tibor \u0160u\u013ea<\/p>\n","protected":false},"excerpt":{"rendered":"<p>Pom\u00f4c\u0165 druh\u00e9mu bolo poslan\u00edm Dobro\u010dinn\u00e9ho charitat\u00edvneho ve\u010dierka, ktor\u00fd sa uskuto\u010dnil 3. decembra v kult\u00farnom dome v Liptovsk\u00fdch Slia\u010doch. V posledn\u00fdch rokoch nikdy nebol tak pln\u00fd ako po\u010das uveden\u00e9ho podujatia. \u013dudia tam pri\u0161li, lebo c\u00edtili potrebu pom\u00f4c\u0165 svojmu kamar\u00e1tovi, rovesn\u00edkovi, zn\u00e1memu Jakubovi Moj\u0161ovi z L. Slia\u010dov. Organiz\u00e1tori z ELSE klubu, Obecn\u00e9ho \u00faradu L. Slia\u010doch, pripravili pre [&hellip;]<\/p>\n","protected":false},"author":1,"featured_media":551,"comment_status":"open","ping_status":"open","sticky":true,"template":"","format":"standard","meta":{"footnotes":""},"categories":[2],"tags":[],"class_list":["post-550","post","type-post","status-publish","format-standard","has-post-thumbnail","hentry","category-kultura"],"_links":{"self":[{"href":"http:\/\/www.liptovmagazin.eu\/domains\/liptovmagazin.eu\/wordpress\/wp-json\/wp\/v2\/posts\/550","targetHints":{"allow":["GET"]}}],"collection":[{"href":"http:\/\/www.liptovmagazin.eu\/domains\/liptovmagazin.eu\/wordpress\/wp-json\/wp\/v2\/posts"}],"about":[{"href":"http:\/\/www.liptovmagazin.eu\/domains\/liptovmagazin.eu\/wordpress\/wp-json\/wp\/v2\/types\/post"}],"author":[{"embeddable":true,"href":"http:\/\/www.liptovmagazin.eu\/domains\/liptovmagazin.eu\/wordpress\/wp-json\/wp\/v2\/users\/1"}],"replies":[{"embeddable":true,"href":"http:\/\/www.liptovmagazin.eu\/domains\/liptovmagazin.eu\/wordpress\/wp-json\/wp\/v2\/comments?post=550"}],"version-history":[{"count":1,"href":"http:\/\/www.liptovmagazin.eu\/domains\/liptovmagazin.eu\/wordpress\/wp-json\/wp\/v2\/posts\/550\/revisions"}],"predecessor-version":[{"id":552,"href":"http:\/\/www.liptovmagazin.eu\/domains\/liptovmagazin.eu\/wordpress\/wp-json\/wp\/v2\/posts\/550\/revisions\/552"}],"wp:featuredmedia":[{"embeddable":true,"href":"http:\/\/www.liptovmagazin.eu\/domains\/liptovmagazin.eu\/wordpress\/wp-json\/wp\/v2\/media\/551"}],"wp:attachment":[{"href":"http:\/\/www.liptovmagazin.eu\/domains\/liptovmagazin.eu\/wordpress\/wp-json\/wp\/v2\/media?parent=550"}],"wp:term":[{"taxonomy":"category","embeddable":true,"href":"http:\/\/www.liptovmagazin.eu\/domains\/liptovmagazin.eu\/wordpress\/wp-json\/wp\/v2\/categories?post=550"},{"taxonomy":"post_tag","embeddable":true,"href":"http:\/\/www.liptovmagazin.eu\/domains\/liptovmagazin.eu\/wordpress\/wp-json\/wp\/v2\/tags?post=550"}],"curies":[{"name":"wp","href":"https:\/\/api.w.org\/{rel}","templated":true}]}}