{"id":655,"date":"2024-03-19T19:47:41","date_gmt":"2024-03-19T18:47:41","guid":{"rendered":"http:\/\/www.liptovmagazin.eu\/domains\/liptovmagazin.eu\/wordpress\/?p=655"},"modified":"2024-03-19T19:47:41","modified_gmt":"2024-03-19T18:47:41","slug":"v-sutazi-office-roka-si-sily-zmeria-30-spolocnost","status":"publish","type":"post","link":"http:\/\/www.liptovmagazin.eu\/domains\/liptovmagazin.eu\/wordpress\/2024\/03\/19\/v-sutazi-office-roka-si-sily-zmeria-30-spolocnost\/","title":{"rendered":"V\u00a0s\u00fa\u0165a\u017ei OFFICE ROKA si sily zmeria 30 spolo\u010dnost"},"content":{"rendered":"\n<p><\/p>\n\n\n\n<p><a href=\"https:\/\/www.officeroka.sk\/\"><strong>Projekt OFFICE ROKA<\/strong><\/a><strong> vst\u00fapil do \u00f4smeho ro\u010dn\u00edka s&nbsp;tromi desiatkami prihl\u00e1sen\u00fdch kancel\u00e1ri\u00ed, a to od Bratislavy a\u017e po Ko\u0161ice. Zast\u00fapenie pritom maj\u00fa spolo\u010dnosti s&nbsp;v\u00fdmerou priestorov od nieko\u013ek\u00fdch desiatok, a\u017e po vy\u0161e tridsa\u0165 tis\u00edc metrov \u0161tvorcov\u00fdch. V\u00fdberu finalistov sa zhost\u00ed odborn\u00e1 porota zlo\u017een\u00e1 z&nbsp;re\u0161pektovan\u00fdch odborn\u00edkov a&nbsp;odborn\u00ed\u010dok. Kto do nej tento rok zasadne?<\/strong><\/p>\n\n\n\n<p><strong>Jedn\u00fdm z&nbsp;pilierov s\u00fa\u0165a\u017ee je pr\u00e1ve diverzita<\/strong><\/p>\n\n\n\n<p>Jedn\u00fdm z&nbsp;k\u013e\u00fa\u010dov\u00fdch pilierov <a href=\"https:\/\/www.officeroka.sk\/\">OFFICE ROKA<\/a> je diverzita, teda rozmanitos\u0165 a r\u00f4znorodos\u0165. Aj v&nbsp;tomto \u2013 u\u017e \u00f4smom ro\u010dn\u00edku s\u00fa\u0165a\u017ee \u2013 s\u00fa zast\u00fapen\u00e9 r\u00f4zne spolo\u010dnosti z&nbsp;cel\u00e9ho Slovenska. Medzi prihl\u00e1sen\u00fdmi s\u00fa firmy nielen z&nbsp;Bratislavy, ale aj z Ko\u0161\u00edc, \u017diliny, Hurbanova, Kysuck\u00e9ho Nov\u00e9ho Mesta a Liptovsk\u00e9ho Mikul\u00e1\u0161a.<\/p>\n\n\n\n<p>R\u00f4znorod\u00e1 je aj ve\u013ekos\u0165 podnikov. Do s\u00fa\u0165a\u017ee sa nominovali spolo\u010dnosti s&nbsp;kancel\u00e1rskou plochou vy\u0161e 30&nbsp;000 m<sup>2<\/sup>, no i&nbsp;mal\u00e9, butikov\u00e9 firmy s&nbsp;v\u00fdmerou len okolo 60 m<sup>2<\/sup>. <em>\u201eM\u00e1m nesmiernu rados\u0165 z toho, \u017ee si d\u00f4le\u017eitos\u0165 kultivovan\u00e9ho pracovn\u00e9ho prostredia uvedomuje st\u00e1le viac spolo\u010dnost\u00ed naprie\u010d cel\u00fdm Slovenskom, bez oh\u013eadu na ve\u013ekos\u0165 firmy alebo zameranie. Z\u00e1rove\u0148 im \u010fakujem za to, \u017ee sa odhodlali sta\u0165 sa s\u00fa\u010das\u0165ou projektu OFFICE ROKA a odhali\u0165 takpovediac vlastn\u00e9 \u201ez\u00e1kulisie\u201c. Vybra\u0165 z finalistov a&nbsp;v\u00ed\u0165azov bude aj tento rok mimoriadne n\u00e1ro\u010dn\u00e9,\u201c <\/em>kon\u0161tatuje porotca <strong>Peter Gr\u00f3f<\/strong>, Head of Workplace Strategy v&nbsp;realitno-konzulta\u010dnej spolo\u010dnosti CBRE Slovensko, ktor\u00e1 projekt OFFICE ROKA organizuje.<\/p>\n\n\n\n<p>Tridsiatka nominovan\u00fdch spolo\u010dnost\u00ed je skuto\u010dne pestr\u00e1. A&nbsp;r\u00f4znorod\u00e1 je aj&nbsp;odborn\u00e1 porota. Pozvanie medzi hodnotite\u013eov \u00f4smeho ro\u010dn\u00edka s\u00fa\u0165a\u017ee prijali zn\u00e1mi odborn\u00edci a&nbsp;odborn\u00ed\u010dky, ktor\u00ed prep\u00e1jaj\u00fa akademick\u00fa sf\u00e9ru s re\u00e1lnou&nbsp;praxou v&nbsp;oblasti kognit\u00edvnych vied, urbanizmu, architekt\u00fary a&nbsp;dizajnu. U\u017e tradi\u010dne je v&nbsp;porote aj z\u00e1stupky\u0148a&nbsp;minuloro\u010dn\u00e9ho <a href=\"https:\/\/www.officeroka.sk\/vitazi\">Absol\u00fatneho v\u00ed\u0165aza OFFICE ROKA<\/a>.<\/p>\n\n\n\n<p><strong>Predstavujeme porotcov a porotkyne<\/strong><\/p>\n\n\n\n<p>\u201e<em>S\u00fa\u0165a\u017e OFFICE ROKA na jednom mieste s\u00fastre\u010fuje to najlep\u0161ie z oblasti slovensk\u00fdch interi\u00e9rov\u00fdch dizajnov a inovat\u00edvnych firiem, ktor\u00e9 si uvedomuj\u00fa potrebu zve\u013ea\u010fovania svojich priestorov. A to nielen za \u00fa\u010delom zv\u00fd\u0161enia komfortu a&nbsp;zdravotn\u00fdch aspektov, ale aj budovania firemnej kult\u00fary,\u201c<\/em> hovor\u00ed <strong>Milena Bobekov\u00e1<\/strong>, majite\u013eka a&nbsp;konate\u013eka ALPE Euroservice s.r.o.\u00ae, spolo\u010dnosti, ktor\u00e1 minul\u00fd rok z\u00edskala titul Absol\u00fatny v\u00ed\u0165aza OFFICE ROKA. Oblas\u0165 interi\u00e9rov\u00e9ho dizajnu je jej hobby a pri tvorbe priestorov spolupracovala s ateli\u00e9rom architekti BLZK, Matejom Bal\u00e1\u017eikom.<\/p>\n\n\n\n<p><strong>Peter Gr\u00f3f<\/strong>, Head of Workplace Strategy v&nbsp;CBRE Slovensko pom\u00e1ha organiz\u00e1ci\u00e1m s mapovan\u00edm ich potrieb a&nbsp;s pr\u00edpravami na nich nadv\u00e4zuj\u00face rozhodnutia a strat\u00e9gie t\u00fdkaj\u00face sa pracovn\u00e9ho priestoru. Peter m\u00e1 dlhoro\u010dn\u00e9 praktick\u00e9 sk\u00fasenosti s realiz\u00e1ciou r\u00f4znych projektov naprie\u010d viacer\u00fdmi trhmi, sektormi \u010di ve\u013ekos\u0165ami spolo\u010dnost\u00ed.<\/p>\n\n\n\n<p><strong>Luk\u00e1\u0161 Kord\u00edk<\/strong> absolvoval \u0161t\u00fadium na Fakulte architekt\u00fary STU v Bratislave a \u00c9cole Nationale d&#8217;Architecture de Lyon. Je spoluzakladate\u013eom ateli\u00e9ru GutGut. P\u00f4sobil ako asistent ateli\u00e9ru III na Katedre architektonickej tvorby V\u0160VU a ako hos\u0165uj\u00faci pedag\u00f3g na FASTU v Bratislave. V s\u00fa\u010dasnosti vedie Ateli\u00e9r Kord\u00edk na Fakulte architekt\u00fary \u010cVUT v Prahe. Bol jedn\u00fdm so zakladaj\u00facich \u010dlenov zdru\u017eenia OFCA (Office for collaborative architects).<\/p>\n\n\n\n<p>Pedagogi\u010dka, v\u00fdskumn\u00ed\u010dka a projektov\u00e1 mana\u017e\u00e9rka, Prof. Ing. <strong>Veronika Kotradyov\u00e1<\/strong>, PhD., p\u00f4sob\u00ed od roku 2002 na Fakulte architekt\u00fary a dizajnu STU v Bratislave, na \u00dastave interi\u00e9ru a v\u00fdstavn\u00edctva. \u0160pecializuje sa na dizajn s oh\u013eadom na \u010dloveka a \u017eivotn\u00e9 prostredie. Dlhodobo sk\u00fama well-being vo vz\u0165ahu \u010dloveka a prostredia, prostredn\u00edctvom interdisciplin\u00e1rnych vedeck\u00fdch \u0161t\u00fadi\u00ed. Je praktizuj\u00facou interi\u00e9rovou dizajn\u00e9rkou a konzultantkou.<\/p>\n\n\n\n<p><strong>Michal Matlo\u0148<\/strong> je psychol\u00f3g architekt\u00fary, ktor\u00fd pom\u00e1ha tvori\u0165 miesta pre dobr\u00fd \u017eivot a zmyslupln\u00fa pr\u00e1cu, od kancel\u00e1ri\u00ed a\u017e po mestsk\u00e9 \u0161tvrte. P\u00f4sob\u00ed v theLivingCore &#8211; konzulta\u010dnej firme zalo\u017eenej kognit\u00edvnymi vedcami z Viedenskej univerzity. Michal je tie\u017e spoluzakladate\u013eom newsletteru Venetian Letter, ktor\u00fd sa venuje architekt\u00fare a urbanizmu, ktor\u00e9 s\u00fa zameran\u00e9 na \u010dloveka a zalo\u017een\u00e9 na vede.<\/p>\n\n\n\n<p><strong>Priestory s\u00fa aj vizitkou kult\u00fary firmy<\/strong><\/p>\n\n\n\n<p>V&nbsp;s\u00fa\u010dasnosti porota hodnot\u00ed v\u0161etky nominovan\u00e9 priestory. Finalistov vyhl\u00e1si koncom marca 2023. Rovnako ako minul\u00fd rok, aj tentokr\u00e1t bud\u00fa nasledova\u0165 obhliadky a&nbsp;diskusie so z\u00e1stupcami finalistov. Pre\u010do s\u00fa osobn\u00e9 prehliadky tak d\u00f4le\u017eit\u00e9? M. Matlo\u0148 vysvet\u013euje: <em>\u201eKvalitn\u00e9 priestory s\u00fa dobr\u00fdm sp\u00f4sobom, ako pril\u00e1ka\u0165 kandid\u00e1tov a&nbsp;talentovan\u00fdch \u013eud\u00ed. Preto v\u017edy odpor\u00fa\u010dam, aby sa \u010dlovek nechal po\u010das pracovn\u00e9ho pohovoru previes\u0165 priestormi firmy. Tak z\u00edska lep\u0161\u00ed obraz o tom, kde bude pracova\u0165, ale z\u00e1rove\u0148 vie z priestoru vyc\u00edti\u0165, ako si firma zamestnancov v\u00e1\u017ei a ak\u00e1 je jej kult\u00fara.\u201c<\/em><\/p>\n\n\n\n<p><em>Aktu\u00e1lny 8. ro\u010dn\u00edk s\u00fa\u0165a\u017ee OFFICE ROKA podporili spolo\u010dnosti Narbutas, WOOD Real Estate, XAL, Nespresso a\u00a0Bavaris! Medi\u00e1lnymi partnermi s\u00fa StartitUp a\u00a0Hospod\u00e1rske noviny.<\/em><\/p>\n\n\n\n<p>(red)<\/p>\n\n\n\n<figure class=\"wp-block-embed\"><div class=\"wp-block-embed__wrapper\">\nhttps:\/\/www.officeroka.sk\/\n<\/div><\/figure>\n\n\n\n<figure class=\"wp-block-embed\"><div class=\"wp-block-embed__wrapper\">\nhttps:\/\/www.officeroka.sk\/sk\/kontakt\n<\/div><\/figure>\n","protected":false},"excerpt":{"rendered":"<p>Projekt OFFICE ROKA vst\u00fapil do \u00f4smeho ro\u010dn\u00edka s&nbsp;tromi desiatkami prihl\u00e1sen\u00fdch kancel\u00e1ri\u00ed, a to od Bratislavy a\u017e po Ko\u0161ice. Zast\u00fapenie pritom maj\u00fa spolo\u010dnosti s&nbsp;v\u00fdmerou priestorov od nieko\u013ek\u00fdch desiatok, a\u017e po vy\u0161e tridsa\u0165 tis\u00edc metrov \u0161tvorcov\u00fdch. V\u00fdberu finalistov sa zhost\u00ed odborn\u00e1 porota zlo\u017een\u00e1 z&nbsp;re\u0161pektovan\u00fdch odborn\u00edkov a&nbsp;odborn\u00ed\u010dok. Kto do nej tento rok zasadne? Jedn\u00fdm z&nbsp;pilierov s\u00fa\u0165a\u017ee je pr\u00e1ve [&hellip;]<\/p>\n","protected":false},"author":1,"featured_media":656,"comment_status":"open","ping_status":"open","sticky":true,"template":"","format":"standard","meta":{"footnotes":""},"categories":[3],"tags":[],"class_list":["post-655","post","type-post","status-publish","format-standard","has-post-thumbnail","hentry","category-cestovny-ruch"],"_links":{"self":[{"href":"http:\/\/www.liptovmagazin.eu\/domains\/liptovmagazin.eu\/wordpress\/wp-json\/wp\/v2\/posts\/655","targetHints":{"allow":["GET"]}}],"collection":[{"href":"http:\/\/www.liptovmagazin.eu\/domains\/liptovmagazin.eu\/wordpress\/wp-json\/wp\/v2\/posts"}],"about":[{"href":"http:\/\/www.liptovmagazin.eu\/domains\/liptovmagazin.eu\/wordpress\/wp-json\/wp\/v2\/types\/post"}],"author":[{"embeddable":true,"href":"http:\/\/www.liptovmagazin.eu\/domains\/liptovmagazin.eu\/wordpress\/wp-json\/wp\/v2\/users\/1"}],"replies":[{"embeddable":true,"href":"http:\/\/www.liptovmagazin.eu\/domains\/liptovmagazin.eu\/wordpress\/wp-json\/wp\/v2\/comments?post=655"}],"version-history":[{"count":1,"href":"http:\/\/www.liptovmagazin.eu\/domains\/liptovmagazin.eu\/wordpress\/wp-json\/wp\/v2\/posts\/655\/revisions"}],"predecessor-version":[{"id":657,"href":"http:\/\/www.liptovmagazin.eu\/domains\/liptovmagazin.eu\/wordpress\/wp-json\/wp\/v2\/posts\/655\/revisions\/657"}],"wp:featuredmedia":[{"embeddable":true,"href":"http:\/\/www.liptovmagazin.eu\/domains\/liptovmagazin.eu\/wordpress\/wp-json\/wp\/v2\/media\/656"}],"wp:attachment":[{"href":"http:\/\/www.liptovmagazin.eu\/domains\/liptovmagazin.eu\/wordpress\/wp-json\/wp\/v2\/media?parent=655"}],"wp:term":[{"taxonomy":"category","embeddable":true,"href":"http:\/\/www.liptovmagazin.eu\/domains\/liptovmagazin.eu\/wordpress\/wp-json\/wp\/v2\/categories?post=655"},{"taxonomy":"post_tag","embeddable":true,"href":"http:\/\/www.liptovmagazin.eu\/domains\/liptovmagazin.eu\/wordpress\/wp-json\/wp\/v2\/tags?post=655"}],"curies":[{"name":"wp","href":"https:\/\/api.w.org\/{rel}","templated":true}]}}