{"id":722,"date":"2025-01-27T15:22:13","date_gmt":"2025-01-27T14:22:13","guid":{"rendered":"https:\/\/www.liptovmagazin.eu\/domains\/liptovmagazin.eu\/wordpress\/?p=722"},"modified":"2025-01-27T15:22:13","modified_gmt":"2025-01-27T14:22:13","slug":"poslanci-schvalili-vznik-denneho-stacionara-pre-mladych-dospelych-s-tazkym-postihnutim","status":"publish","type":"post","link":"https:\/\/www.liptovmagazin.eu\/domains\/liptovmagazin.eu\/wordpress\/2025\/01\/27\/poslanci-schvalili-vznik-denneho-stacionara-pre-mladych-dospelych-s-tazkym-postihnutim\/","title":{"rendered":"Poslanci schv\u00e1lili vznik denn\u00e9ho stacion\u00e1ra pre mlad\u00fdch dospel\u00fdch s \u0165a\u017ek\u00fdm postihnut\u00edm"},"content":{"rendered":"\n<p>\u00a0\u017dilina 27. janu\u00e1ra 2025 &#8211; U\u017e 18. zasadnutie Zastupite\u013estva \u017dSK uskuto\u010dnilo sa 27. janu\u00e1ra 2025. Poslanci schv\u00e1lili Zmenu zria\u010fovacej listiny CSS ANIMA v\u00a0Liptovskom Mikul\u00e1\u0161i. Zariadenie bude od febru\u00e1ra<br>poskytova\u0165 ambulantn\u00fa soci\u00e1lnu slu\u017ebu \u2013 denn\u00fd stacion\u00e1r, pre mlad\u00fdch dospel\u00fdch<br>s\u00a0\u0165a\u017ek\u00fdm zdravotn\u00fdm postihnut\u00edm.<br>Zastupite\u013estvo ods\u00fahlasilo Koncepciu rozvoja soci\u00e1lnych slu\u017eieb \u017dilinsk\u00e9ho<br>samospr\u00e1vneho kraja na roky 2024 \u2013 2031. \u201eChceme by\u0165 krajom modern\u00fdch, bezpe\u010dn\u00fdch,<br>kvalitn\u00fdch, dostupn\u00fdch a\u00a0udr\u017eate\u013en\u00fdch soci\u00e1lnych slu\u017eieb. Je to jedna z\u00a0na\u0161ich dlhodob\u00fdch<br>prior\u00edt. S\u00a0demografick\u00e9ho h\u013eadiska obyvate\u013estvo starne, zvy\u0161uje sa\u00a0 po\u010det \u013eud\u00ed s nepriazniv\u00fdm<br>zdravotn\u00fdm stavom alebo s \u0165a\u017ek\u00fdm zdravotn\u00fdm postihnut\u00edm. Chceme im zabezpe\u010di\u0165 dostupn\u00e9<br>soci\u00e1lne slu\u017eby, podpori\u0165 rozvoj komunitn\u00fdch soci\u00e1lnych slu\u017eieb a zabezpe\u010di\u0165 stabilitu t\u00fdch<br>existuj\u00facich. Na\u010falej chceme pokra\u010dova\u0165 v moderniz\u00e1cii a\u00a0debarieriz\u00e1cii zariaden\u00ed<br>soci\u00e1lnych slu\u017eieb v zria\u010fovate\u013eskej p\u00f4sobnosti kraja, podporova\u0165 vyu\u017e\u00edvanie SMART<br>technol\u00f3gi\u00ed a inovat\u00edvnych postupov v zariadeniach a vytv\u00e1ra\u0165 podmienky na plnenie<br>\u0161tandardov kvality poskytovan\u00fdch soci\u00e1lnych slu\u017eieb. Z\u00e1kladom kvalitn\u00fdch soci\u00e1lnych slu\u017eieb<br>s\u00fa neodmyslite\u013ene kvalitn\u00e9 \u013eudsk\u00e9 zdroje. Podporujeme aktivity na zvy\u0161ovanie atraktivity<br>pr\u00e1ce v soci\u00e1lnych slu\u017eb\u00e1ch, na\u0161ou snahou je vytvori\u0165 adekv\u00e1tne a motivuj\u00face pracovn\u00e9<br>podmienky pre zamestnancov,\u201c informovala Iveta \u010euri\u0161ov\u00e1, riadite\u013eka odboru soci\u00e1lnych vec\u00ed<br>\u017dSK.<br>Schv\u00e1len\u00e1 bola Zmena zria\u010fovacej listiny Centra soci\u00e1lnych slu\u017eieb Horn\u00fd Turiec<br>v\u00a0Tur\u010dianskych Tepliciach, kde do\u0161lo s\u00a0\u00fa\u010dinnos\u0165ou od 01. 02. 2025 k\u00a0zru\u0161eniu denn\u00e9ho<br>stacion\u00e1ra. Iveta \u010euri\u0161ov\u00e1, riadite\u013eka odboru soci\u00e1lnych vec\u00ed \u017dSK: \u201eVedenie CSS Horn\u00fd<br>Turiec sa od za\u010diatku poskytovania soci\u00e1lnej slu\u017eby v dennom stacion\u00e1ri (s kapacitou 10<br>miest) usilovalo o zabezpe\u010denie kvalitnej a dostupnej soci\u00e1lnej slu\u017eby pre cie\u013eov\u00fa skupinu<br>fyzick\u00fdch os\u00f4b odk\u00e1zan\u00fdch na pomoc inej fyzickej osoby. Napriek vynalo\u017een\u00e9mu \u00fasiliu o<br>propag\u00e1ciu tejto soci\u00e1lnej slu\u017eby (aj v spolupr\u00e1ci s mestom Tur\u010dianske Teplice a okolit\u00fdmi<br>obcami) sa nepodarilo dlhodobo dosiahnu\u0165 obsadenos\u0165. T\u00fdm sa stala soci\u00e1lna slu\u017eba pre CSS<br>Horn\u00fd Turiec nehospod\u00e1rna a dlhodobo neudr\u017eate\u013en\u00e1. Priestory, ktor\u00e9 s\u00fa v s\u00fa\u010dasnosti<br>vyhraden\u00e9 pre denn\u00fd stacion\u00e1r, CSS Horn\u00fd Turiec pl\u00e1nuje efekt\u00edvnej\u0161ie vyu\u017ei\u0165 na roz\u0161\u00edrenie<br>in\u00fdch aktiv\u00edt (napr. zriadenie terapeutick\u00fdch miestnost\u00ed na rehabilit\u00e1ciu a vo\u013eno\u010dasov\u00e9<br>aktivity) pre prij\u00edmate\u013eov soci\u00e1lnych slu\u017eieb. CSS Horn\u00fd Turiec bude na\u010falej poskytova\u0165<\/p>\n\n\n\n<p>soci\u00e1lne slu\u017eby v domove soci\u00e1lnych slu\u017eieb, v \u0161pecializovanom zariaden\u00ed a v zariaden\u00ed pre<br>seniorov, o ktor\u00fa m\u00f4\u017eu ob\u010dania v pr\u00edpade odk\u00e1zanosti po\u017eiada\u0165.\u201c<br>Centrum soci\u00e1lnych slu\u017eieb ANIMA v&nbsp;Liptovskom Mikul\u00e1\u0161i bude od febru\u00e1ra<br>poskytova\u0165 ambulantn\u00fa soci\u00e1lnu slu\u017ebu \u2013 denn\u00fd stacion\u00e1r, s&nbsp;miestom poskytovania<br>v&nbsp;Smre\u010danoch. \u201eZriadeniu denn\u00e9ho stacion\u00e1ra ako novej ambulantnej soci\u00e1lnej slu\u017eby na<br>pracovisku Smre\u010dany 52 predch\u00e1dzala snaha rodi\u010dov mlad\u00fdch dospel\u00fdch s \u0165a\u017ek\u00fdm<br>zdravotn\u00fdm postihnut\u00edm vytvori\u0165 podmienky tejto skupine \u013eud\u00ed, podpori\u0165 ich socializ\u00e1ciu a<br>rozvoj ich individu\u00e1lnych potrieb. Rodi\u010dia poukazovali nielen na potrebu socializ\u00e1cie svojich<br>det\u00ed, ale aj na vlastn\u00fa pre\u0165a\u017eenos\u0165. Rodi\u010dia vn\u00edmaj\u00fa celkov\u00fa potrebu odpo\u010din\u00fa\u0165 si, zamestna\u0165<br>sa a nezanedb\u00e1va\u0165 popri starostlivosti o svoje deti vlastn\u00e9 zdravie,\u201c objasnila \u010euri\u0161ov\u00e1.<br>Od febru\u00e1ra bude poskytova\u0165 nov\u00e9 slu\u017eby aj Domov soci\u00e1lnych slu\u017eieb M\u00e9ta Martin:<br>Podpora samostatn\u00e9ho b\u00fdvania a&nbsp;\u0160pecializovan\u00e9 soci\u00e1lne poradenstvo pre dospel\u00fdch<br>s&nbsp;ment\u00e1lnym znev\u00fdhodnen\u00edm a&nbsp;ich rodinn\u00fdm pr\u00edslu\u0161n\u00edkom. DSS M\u00e9ta je \u0161tvrt\u00e9 zariadenie<br>soci\u00e1lnych slu\u017eieb v zria\u010fovate\u013eskej p\u00f4sobnosti \u017dilinsk\u00e9ho samospr\u00e1vneho kraja, ktor\u00e9<br>poskytuje akreditovan\u00e9 \u0161pecializovan\u00e9 soci\u00e1lne poradenstvo.<br>Poslanci zobrali na vedomie inform\u00e1ciu o&nbsp;\u00faprave cestovn\u00e9ho (tarify) \u017dilinsk\u00e9ho<br>samospr\u00e1vneho kraja region\u00e1lnej autobusovej dopravy.<br>N\u00e1vrh pozost\u00e1val zo zv\u00fd\u0161enia cestovn\u00e9ho platen\u00e9ho v&nbsp;hotovosti a&nbsp;v&nbsp;minim\u00e1lnej \u00faprave<br>cestovn\u00e9ho platen\u00e9ho z&nbsp;dopravnej karty. Takto chce \u017dSK podpori\u0165 pravideln\u00fdch cestuj\u00facich<br>vyu\u017e\u00edvaj\u00facich dopravn\u00fa kartu. \u017dSK neuva\u017euje so zvy\u0161ovan\u00edm cestovn\u00e9ho (cestovn\u00fdch<br>l\u00edstkov) integrovanej dopravy.<br>\u00daprava cestovn\u00e9ho sa dotkla aj osobitn\u00e9ho cestovn\u00e9ho pre prepravu ob\u010danov s \u0165a\u017ek\u00fdm<br>zdravotn\u00fdm postihnut\u00edm a sprievodcu zdravotne \u0165a\u017eko postihnutej osoby (ich cestovn\u00e9 je<br>tvoren\u00e9 iba z\u00e1kladnou sadzbou z\u013eavnen\u00e9ho cestovn\u00e9ho). \u201e\u00daprava cestovn\u00e9ho sa dotkla tie\u017e<br>cestuj\u00facich &nbsp;nad 70 rokov, ktor\u00e9 sa len zaokr\u00fahlilo o&nbsp;5 eurocentov nahor. Nov\u00fd cenn\u00edk za\u010dal<br>plati\u0165 od 01.01.2025,\u201c uviedla Gabriela Tiso\u0148ov\u00e1, riadite\u013eka odboru dopravy \u017dSK.<br>Hlavn\u00fd kontrol\u00f3r informoval o&nbsp;Pl\u00e1ne kontrolnej \u010dinnosti \u00fatvaru hlavn\u00e9ho kontrol\u00f3ra<br>\u017dilinsk\u00e9ho samospr\u00e1vneho kraja na 1. polrok 2025.<br>Najbli\u017e\u0161ie zastupite\u013estvo sa uskuto\u010dn\u00ed 24. febru\u00e1ra 2025 (pondelok)<\/p>\n\n\n\n<p><br>Mgr. Eva Lacov\u00e1,<br>oddelenie komunik\u00e1cie \u017dSK<\/p>\n","protected":false},"excerpt":{"rendered":"<p>\u00a0\u017dilina 27. janu\u00e1ra 2025 &#8211; U\u017e 18. zasadnutie Zastupite\u013estva \u017dSK uskuto\u010dnilo sa 27. janu\u00e1ra 2025. Poslanci schv\u00e1lili Zmenu zria\u010fovacej listiny CSS ANIMA v\u00a0Liptovskom Mikul\u00e1\u0161i. Zariadenie bude od febru\u00e1raposkytova\u0165 ambulantn\u00fa soci\u00e1lnu slu\u017ebu \u2013 denn\u00fd stacion\u00e1r, pre mlad\u00fdch dospel\u00fdchs\u00a0\u0165a\u017ek\u00fdm zdravotn\u00fdm postihnut\u00edm.Zastupite\u013estvo ods\u00fahlasilo Koncepciu rozvoja soci\u00e1lnych slu\u017eieb \u017dilinsk\u00e9hosamospr\u00e1vneho kraja na roky 2024 \u2013 2031. \u201eChceme by\u0165 krajom modern\u00fdch, [&hellip;]<\/p>\n","protected":false},"author":1,"featured_media":723,"comment_status":"open","ping_status":"open","sticky":false,"template":"","format":"standard","meta":{"footnotes":""},"categories":[1],"tags":[],"class_list":["post-722","post","type-post","status-publish","format-standard","has-post-thumbnail","hentry","category-nezaradene"],"_links":{"self":[{"href":"https:\/\/www.liptovmagazin.eu\/domains\/liptovmagazin.eu\/wordpress\/wp-json\/wp\/v2\/posts\/722","targetHints":{"allow":["GET"]}}],"collection":[{"href":"https:\/\/www.liptovmagazin.eu\/domains\/liptovmagazin.eu\/wordpress\/wp-json\/wp\/v2\/posts"}],"about":[{"href":"https:\/\/www.liptovmagazin.eu\/domains\/liptovmagazin.eu\/wordpress\/wp-json\/wp\/v2\/types\/post"}],"author":[{"embeddable":true,"href":"https:\/\/www.liptovmagazin.eu\/domains\/liptovmagazin.eu\/wordpress\/wp-json\/wp\/v2\/users\/1"}],"replies":[{"embeddable":true,"href":"https:\/\/www.liptovmagazin.eu\/domains\/liptovmagazin.eu\/wordpress\/wp-json\/wp\/v2\/comments?post=722"}],"version-history":[{"count":1,"href":"https:\/\/www.liptovmagazin.eu\/domains\/liptovmagazin.eu\/wordpress\/wp-json\/wp\/v2\/posts\/722\/revisions"}],"predecessor-version":[{"id":724,"href":"https:\/\/www.liptovmagazin.eu\/domains\/liptovmagazin.eu\/wordpress\/wp-json\/wp\/v2\/posts\/722\/revisions\/724"}],"wp:featuredmedia":[{"embeddable":true,"href":"https:\/\/www.liptovmagazin.eu\/domains\/liptovmagazin.eu\/wordpress\/wp-json\/wp\/v2\/media\/723"}],"wp:attachment":[{"href":"https:\/\/www.liptovmagazin.eu\/domains\/liptovmagazin.eu\/wordpress\/wp-json\/wp\/v2\/media?parent=722"}],"wp:term":[{"taxonomy":"category","embeddable":true,"href":"https:\/\/www.liptovmagazin.eu\/domains\/liptovmagazin.eu\/wordpress\/wp-json\/wp\/v2\/categories?post=722"},{"taxonomy":"post_tag","embeddable":true,"href":"https:\/\/www.liptovmagazin.eu\/domains\/liptovmagazin.eu\/wordpress\/wp-json\/wp\/v2\/tags?post=722"}],"curies":[{"name":"wp","href":"https:\/\/api.w.org\/{rel}","templated":true}]}}