{"id":759,"date":"2025-07-02T20:43:47","date_gmt":"2025-07-02T18:43:47","guid":{"rendered":"https:\/\/www.liptovmagazin.eu\/domains\/liptovmagazin.eu\/wordpress\/?p=759"},"modified":"2025-07-02T20:43:47","modified_gmt":"2025-07-02T18:43:47","slug":"svetozar-stracina-pocut-vonu-ziveho","status":"publish","type":"post","link":"https:\/\/www.liptovmagazin.eu\/domains\/liptovmagazin.eu\/wordpress\/2025\/07\/02\/svetozar-stracina-pocut-vonu-ziveho\/","title":{"rendered":"Svetoz\u00e1r Stra\u010dina \u2013 \u201ePo\u010du\u0165 v\u00f4\u0148u \u017eiv\u00e9ho\u201c"},"content":{"rendered":"\n<p>Prv\u00fd de\u0148 Folkl\u00f3rneho festivalu V\u00fdchodn\u00e1 2025 bude patri\u0165 celove\u010dern\u00e9mu programu L\u00fa\u010dnice. Uved\u00fa ho v amfite\u00e1tri vo V\u00fdchodnej 3. j\u00fala 2025 o 20. 30 h.<\/p>\n\n\n\n<p>Skladate\u013e, ktor\u00e9ho hudobn\u00e9 kompoz\u00edcie nadch\u00fdnaj\u00fa aj t\u00fdch, ktor\u00ed sa trad\u00edci\u00e1m vyh\u00fdbaj\u00fa. Celove\u010dern\u00fd program L\u00fa\u010dnice je venovan\u00fd dielu jednej z jej \u00fastredn\u00fdch tvoriv\u00fdch osobnost\u00ed, hudobn\u00e9mu skladate\u013eovi Svetoz\u00e1rovi Stra\u010dinovi, ktor\u00fd pre L\u00fa\u010dnicu skomponoval mno\u017estvo skladieb a sc\u00e9nick\u00fdch programov. Jeho prv\u00e9 stretnutia s L\u00fa\u010dnicou a profesorom \u0160tefanom Nos\u00e1\u013eom boli pre jeho tvorbu zlomov\u00e9 a ur\u010duj\u00face. V podan\u00ed viac ako 120 \u00fa\u010dinkuj\u00facich umelcov prin\u00e1\u0161ame ikonick\u00e9 tance, ve\u013ek\u00e9 zborov\u00e9 sc\u00e9ny a zn\u00e1me filmov\u00e9 hudobn\u00e9 kompoz\u00edcie. Svetoz\u00e1r Stra\u010dina ost\u00e1va r\u00e9busom, ktor\u00e9ho h\u013eadanie pokra\u010duje aj v na\u0161om celove\u010dernom programe.<\/p>\n\n\n\n<p>\u201eTradi\u010dn\u00fa kult\u00faru m\u00f4\u017eem akceptova\u0165 alebo si ju nev\u0161\u00edma\u0165. T\u00fdm v\u0161ak ochudobn\u00edm iba seba, lebo ona bude trad\u00edciou \u010falej. Ja ostanem bezdomovcom, ostanem iba \u010dlovekom do po\u010dtu. No tak\u00ed \u013eudia do po\u010dtu sa daj\u00fa \u013eahko ovl\u00e1da\u0165, daj\u00fa sa \u013eahko riadi\u0165. \u010clovek bez vz\u0165ahu k trad\u00edci\u00e1m nem\u00e1 na \u010do nadv\u00e4zova\u0165.\u201c \u2013 Svetoz\u00e1r Stra\u010dina<\/p>\n\n\n\n<p><strong>Hudba:<\/strong>&nbsp;Svetoz\u00e1r Stra\u010dina<br><strong>Choreografia:<\/strong>&nbsp;\u0160tefan Nos\u00e1\u013e<br><strong>N\u00e1met a scen\u00e1r:<\/strong>&nbsp;Mikul\u00e1\u0161 Siv\u00fd<br><strong>R\u00e9\u017eia:<\/strong>&nbsp;Mikul\u00e1\u0161 Siv\u00fd<br><strong>Dirigent:<\/strong>&nbsp;Peter Ni\u0148aj<br><strong>Zbormajsterka spev\u00e1ckeho zboru:<\/strong>&nbsp;Elena Matu\u0161ov\u00e1<br><strong>Na\u0161tudovanie:<\/strong>&nbsp;Mikul\u00e1\u0161 Siv\u00fd, Ivana Kleiblov\u00e1<br><strong>N\u00e1vrhy kost\u00fdmov:<\/strong>&nbsp;\u0160arlota Ki\u0161ov\u00e1, Dagmar Roh\u00e1\u010dov\u00e1<br><br><strong>\u00da\u010dinkuj\u00fa:<\/strong>&nbsp;50-\u010dlenn\u00fd tane\u010dn\u00fd s\u00fabor a spev\u00e1cka skupina, 45-\u010dlenn\u00fd orchester, 30-\u010dlenn\u00fd spev\u00e1cky zbor<\/p>\n","protected":false},"excerpt":{"rendered":"<p>Prv\u00fd de\u0148 Folkl\u00f3rneho festivalu V\u00fdchodn\u00e1 2025 bude patri\u0165 celove\u010dern\u00e9mu programu L\u00fa\u010dnice. Uved\u00fa ho v amfite\u00e1tri vo V\u00fdchodnej 3. j\u00fala 2025 o 20. 30 h. Skladate\u013e, ktor\u00e9ho hudobn\u00e9 kompoz\u00edcie nadch\u00fdnaj\u00fa aj t\u00fdch, ktor\u00ed sa trad\u00edci\u00e1m vyh\u00fdbaj\u00fa. Celove\u010dern\u00fd program L\u00fa\u010dnice je venovan\u00fd dielu jednej z jej \u00fastredn\u00fdch tvoriv\u00fdch osobnost\u00ed, hudobn\u00e9mu skladate\u013eovi Svetoz\u00e1rovi Stra\u010dinovi, ktor\u00fd pre L\u00fa\u010dnicu skomponoval [&hellip;]<\/p>\n","protected":false},"author":1,"featured_media":760,"comment_status":"open","ping_status":"open","sticky":false,"template":"","format":"standard","meta":{"footnotes":""},"categories":[1],"tags":[],"class_list":["post-759","post","type-post","status-publish","format-standard","has-post-thumbnail","hentry","category-nezaradene"],"_links":{"self":[{"href":"https:\/\/www.liptovmagazin.eu\/domains\/liptovmagazin.eu\/wordpress\/wp-json\/wp\/v2\/posts\/759","targetHints":{"allow":["GET"]}}],"collection":[{"href":"https:\/\/www.liptovmagazin.eu\/domains\/liptovmagazin.eu\/wordpress\/wp-json\/wp\/v2\/posts"}],"about":[{"href":"https:\/\/www.liptovmagazin.eu\/domains\/liptovmagazin.eu\/wordpress\/wp-json\/wp\/v2\/types\/post"}],"author":[{"embeddable":true,"href":"https:\/\/www.liptovmagazin.eu\/domains\/liptovmagazin.eu\/wordpress\/wp-json\/wp\/v2\/users\/1"}],"replies":[{"embeddable":true,"href":"https:\/\/www.liptovmagazin.eu\/domains\/liptovmagazin.eu\/wordpress\/wp-json\/wp\/v2\/comments?post=759"}],"version-history":[{"count":1,"href":"https:\/\/www.liptovmagazin.eu\/domains\/liptovmagazin.eu\/wordpress\/wp-json\/wp\/v2\/posts\/759\/revisions"}],"predecessor-version":[{"id":761,"href":"https:\/\/www.liptovmagazin.eu\/domains\/liptovmagazin.eu\/wordpress\/wp-json\/wp\/v2\/posts\/759\/revisions\/761"}],"wp:featuredmedia":[{"embeddable":true,"href":"https:\/\/www.liptovmagazin.eu\/domains\/liptovmagazin.eu\/wordpress\/wp-json\/wp\/v2\/media\/760"}],"wp:attachment":[{"href":"https:\/\/www.liptovmagazin.eu\/domains\/liptovmagazin.eu\/wordpress\/wp-json\/wp\/v2\/media?parent=759"}],"wp:term":[{"taxonomy":"category","embeddable":true,"href":"https:\/\/www.liptovmagazin.eu\/domains\/liptovmagazin.eu\/wordpress\/wp-json\/wp\/v2\/categories?post=759"},{"taxonomy":"post_tag","embeddable":true,"href":"https:\/\/www.liptovmagazin.eu\/domains\/liptovmagazin.eu\/wordpress\/wp-json\/wp\/v2\/tags?post=759"}],"curies":[{"name":"wp","href":"https:\/\/api.w.org\/{rel}","templated":true}]}}